[{"@context":"https:\/\/schema.org\/","@type":"Article","@id":"https:\/\/www.lenkow.cz\/strakonice-mesto-dudaku\/#Article","mainEntityOfPage":"https:\/\/www.lenkow.cz\/strakonice-mesto-dudaku\/","headline":"Strakonice \u2013 m\u011bsto dud\u00e1k\u016f","name":"Strakonice \u2013 m\u011bsto dud\u00e1k\u016f","description":"Strakonice jsou b\u00fdval\u00fdm okresn\u00edm m\u011bstem v&nbsp;Jiho\u010desk\u00e9m kraji. \u017dije zde n\u011bco m\u00e1lo p\u0159es dvacet dva tis\u00edc obyvatel. Le\u017e\u00ed na soutoku \u0159ek Otava a Voly\u0148ka. M\u011bsto bylo centrem textiln\u00edho, stroj\u00edrensk\u00e9ho pr\u016fmyslu a pivovarnictv\u00ed. Pokud se chyst\u00e1te na<p><a class=\"link\" href=\"https:\/\/www.lenkow.cz\/strakonice-mesto-dudaku\/\">Pokra\u010dovat ve \u010dten\u00ed<\/a><\/p>","datePublished":"2019-06-23","dateModified":"2023-05-06","author":{"@type":"Person","@id":"https:\/\/www.lenkow.cz\/author\/#Person","name":"","url":"https:\/\/www.lenkow.cz\/author\/","identifier":1,"image":{"@type":"ImageObject","@id":"https:\/\/secure.gravatar.com\/avatar\/edf965aa5e6319b22667bed24bb070a38fc0326fd1c728db50dc1d860a4a16ad?s=96&d=mm&r=g","url":"https:\/\/secure.gravatar.com\/avatar\/edf965aa5e6319b22667bed24bb070a38fc0326fd1c728db50dc1d860a4a16ad?s=96&d=mm&r=g","height":96,"width":96}},"publisher":{"@type":"Organization","name":"lenkow.cz","logo":{"@type":"ImageObject","@id":"\/logo.png","url":"\/logo.png","width":600,"height":60}},"image":{"@type":"ImageObject","@id":"https:\/\/www.lenkow.cz\/wp-content\/uploads\/img_a347104_w2625_t1561280501.jpg","url":"https:\/\/www.lenkow.cz\/wp-content\/uploads\/img_a347104_w2625_t1561280501.jpg","height":0,"width":0},"url":"https:\/\/www.lenkow.cz\/strakonice-mesto-dudaku\/","about":["Cestov\u00e1n\u00ed"],"wordCount":454,"articleBody":"Strakonice jsou b\u00fdval\u00fdm okresn\u00edm m\u011bstem v&nbsp;Jiho\u010desk\u00e9m kraji. \u017dije zde n\u011bco m\u00e1lo p\u0159es dvacet dva tis\u00edc obyvatel. Le\u017e\u00ed na soutoku \u0159ek Otava a Voly\u0148ka. M\u011bsto bylo centrem textiln\u00edho, stroj\u00edrensk\u00e9ho pr\u016fmyslu a pivovarnictv\u00ed. Pokud se chyst\u00e1te na v\u00fdlet do ji\u017en\u00edch \u010cech, nebo nap\u0159\u00edklad splouv\u00e1te Otavu, rozhodn\u011b zasko\u010dte do m\u011bsta. P\u0159esto\u017ee jde o typicky pr\u016fmyslov\u00e9 centrum, nach\u00e1z\u00ed se zde spousta pam\u00e1tek, kter\u00e9 stoj\u00ed za n\u00e1v\u0161t\u011bvu.Strakonick\u00fd hradTento hradn\u00ed komplex poch\u00e1z\u00ed ze 13. stolet\u00ed, kdy u soutoku zmi\u0148ovan\u00fdch \u0159ek nechali vystav\u011bt sv\u00e9 s\u00eddlo Bavo\u0159i ze Strakonic. V&nbsp;polovin\u011b stolet\u00ed jej darovali Malt\u00e9zsk\u00fdm ryt\u00ed\u0159\u016fm. Ti jej doplnili o nejprve kapli, pozd\u011bji kl\u00e1\u0161ter. Dominantou stavby je hradn\u00ed v\u011b\u017e zvan\u00e1 Rump\u00e1l. V&nbsp;historii byl hrad dvakr\u00e1t vyplen\u011bn a zpusto\u0161en, p\u0159esto se jej poda\u0159ilo opravit a to i v&nbsp;modern\u00ed historii. I proto v&nbsp;n\u011bm s\u00eddl\u00ed \u0159ada instituc\u00ed (nap\u0159\u00edklad m\u011bstsk\u00e1 knihovna) a po\u0159\u00e1daj\u00ed se zde kulturn\u00ed akce vysok\u00e9ho v\u00fdznamu. Cel\u00fd hrad se jednou ro\u010dn\u011b vr\u00e1t\u00ed do st\u0159edov\u011bk\u00e9 historie p\u0159i slavnostech zvan\u00fdch Rump\u00e1lov\u00e1n\u00ed. Jej\u00edch sou\u010d\u00e1st\u00ed jsou uk\u00e1zky star\u00fdch \u0159emesel \u010di \u0161erm\u00ed\u0159sk\u00e9 souboje a koncerty dobov\u00fdch n\u00e1stroj\u016f. Kon\u00e1 se v\u017edy na konci \u010dervence.M\u011b\u0161\u0165ansk\u00fd pivovar Dud\u00e1kJedn\u00e1 se o jeden z&nbsp;nejstar\u0161\u00edch pivovar\u016f \u010cR. Zalo\u017een byl v&nbsp;roce 1649. Pivo se ale ve Strakonic\u00edch va\u0159ilo ji\u017e v&nbsp;roce 1367, kdy dostaly m\u011bstsk\u00e1 pr\u00e1va v\u010detn\u011b pr\u00e1va v\u00e1re\u010dn\u00e9ho. P\u0159esto, \u017ee nepat\u0159\u00ed mezi velk\u00e9 pivovary, v\u00fdstav se pohybuje okolo 55&nbsp;000 hl piva za rok. V&nbsp;sou\u010dasn\u00e9 dob\u011b pat\u0159\u00ed m\u011bstu. Vy si m\u016f\u017eete objednat jeho prohl\u00eddku, kter\u00e1 v\u00e1s provede procesem v\u00fdroby a historick\u00fdmi \u010d\u00e1stmi pivovaru. Samoz\u0159ejmost\u00ed je na konci prohl\u00eddky ochutn\u00e1vka, kter\u00e1 stoj\u00ed za to.Dud\u00e1ck\u00fd festivalKa\u017ed\u00fd druh\u00fd (sud\u00fd) rok se ve m\u011bst\u011b kon\u00e1 jedna z&nbsp;nejv\u011bt\u0161\u00edch kulturn\u00edch akc\u00ed cel\u00e9 republiky. Jde o Dud\u00e1ck\u00fd festival s&nbsp;mnohaletou tradic\u00ed, na kter\u00fd se sj\u00ed\u017ed\u011bj\u00ed soubory z&nbsp;cel\u00e9ho sv\u011bta. Po\u010det n\u00e1v\u0161t\u011bvn\u00edk\u016f se ka\u017edoro\u010dn\u011b pohybuje okolo 20&nbsp;000 div\u00e1k\u016f. Jde tak o jeden z&nbsp;nejv\u011bt\u0161\u00edch festival\u016f sv\u00e9ho druhu v&nbsp;Evrop\u011b. Zakon\u010den\u00fd je velkolep\u00fdm pr\u016fvodem dud\u00e1k\u016f skrz m\u011bsto. Pravideln\u011b se kon\u00e1 ji\u017e od roku 1967.                                                                                                                                                                                                                                                                                                                                                                                        4.3\/5 - (7 votes)        "},{"@context":"https:\/\/schema.org\/","@type":"BreadcrumbList","itemListElement":[{"@type":"ListItem","position":1,"name":"Strakonice \u2013 m\u011bsto dud\u00e1k\u016f","item":"https:\/\/www.lenkow.cz\/strakonice-mesto-dudaku\/#breadcrumbitem"}]}]