[{"@context":"https:\/\/schema.org\/","@type":"Article","@id":"https:\/\/www.lenkow.cz\/rekonstruujeme-dum-pro-prarodicich\/#Article","mainEntityOfPage":"https:\/\/www.lenkow.cz\/rekonstruujeme-dum-pro-prarodicich\/","headline":"Rekonstruujeme d\u016fm pro prarodi\u010d\u00edch","name":"Rekonstruujeme d\u016fm pro prarodi\u010d\u00edch","description":"Zd\u011bdili jste d\u016fm pro prarodi\u010d\u00edch a rozhodujete se, zda jej podrob\u00edte rekonstrukci? Takov\u00e9to akce vy\u017eaduj\u00ed v\u017edy d\u016fkladnou rozvahu, vypracovan\u00fd pl\u00e1n a syst\u00e9m, jak se budou pracovn\u00ed \u010dinnosti prov\u00e1d\u011bt, jak bude v\u0161e na sebe navazovat, a<p><a class=\"link\" href=\"https:\/\/www.lenkow.cz\/rekonstruujeme-dum-pro-prarodicich\/\">Pokra\u010dovat ve \u010dten\u00ed<\/a><\/p>","datePublished":"2023-01-22","dateModified":"2023-05-06","author":{"@type":"Person","@id":"https:\/\/www.lenkow.cz\/author\/#Person","name":"","url":"https:\/\/www.lenkow.cz\/author\/","identifier":1,"image":{"@type":"ImageObject","@id":"https:\/\/secure.gravatar.com\/avatar\/edf965aa5e6319b22667bed24bb070a38fc0326fd1c728db50dc1d860a4a16ad?s=96&d=mm&r=g","url":"https:\/\/secure.gravatar.com\/avatar\/edf965aa5e6319b22667bed24bb070a38fc0326fd1c728db50dc1d860a4a16ad?s=96&d=mm&r=g","height":96,"width":96}},"publisher":{"@type":"Organization","name":"lenkow.cz","logo":{"@type":"ImageObject","@id":"\/logo.png","url":"\/logo.png","width":600,"height":60}},"image":{"@type":"ImageObject","@id":"https:\/\/www.lenkow.cz\/wp-content\/uploads\/container-g70fc94ab3_640_2.jpg","url":"https:\/\/www.lenkow.cz\/wp-content\/uploads\/container-g70fc94ab3_640_2.jpg","height":0,"width":0},"url":"https:\/\/www.lenkow.cz\/rekonstruujeme-dum-pro-prarodicich\/","about":["Business"],"wordCount":422,"articleBody":"   Zd\u011bdili jste d\u016fm pro prarodi\u010d\u00edch a rozhodujete se, zda jej podrob\u00edte rekonstrukci? Takov\u00e9to akce vy\u017eaduj\u00ed v\u017edy d\u016fkladnou rozvahu, vypracovan\u00fd pl\u00e1n a syst\u00e9m, jak se budou pracovn\u00ed \u010dinnosti prov\u00e1d\u011bt, jak bude v\u0161e na sebe navazovat, a tak\u00e9 kdo bude jednotliv\u00e9 pracovn\u00ed \u00fakony prov\u00e1d\u011bt. U star\u0161\u00edch objekt\u016f, kde bydleli lid\u00e9 d\u0159\u00edve narozen\u00ed, m\u016f\u017eete nab\u00fdvat dojmu, \u017ee bude zapot\u0159eb\u00ed vym\u011bnit elektroinstalaci, okna a dve\u0159e v\u010detn\u011b dve\u0159n\u00edch z\u00e1rubn\u00ed, sv\u00edtidla a kuchy\u0148skou linku. Bude mo\u017en\u00e1 zapot\u0159eb\u00ed za\u010d\u00edt od podlahy, kter\u00e1 nevyhovuje va\u0161im p\u0159edstav\u00e1m o komfortu, a nam\u00edsto koberc\u016f tu bude keramick\u00e1 dla\u017eba \u010di palubky, dopln\u011bn\u00e9 jen mal\u00fdmi vln\u011bn\u00fdmi b\u011bhouny.Samostatn\u011b stoj\u00edc\u00ed domy jsou vhodnou p\u0159\u00edle\u017eitost\u00ed k v\u00fdstavb\u011b vyt\u00e1p\u011bn\u00ed v podlaze a krb\u016f s teplovodn\u00ed vlo\u017ekou, nebo s teplovodn\u00edmi pr\u016fduchy. Velk\u00fd ob\u00fdvac\u00ed pokoj se k tomu p\u0159\u00edmo nab\u00edz\u00ed.Jestli\u017ee jste dosud bydleli v pronajat\u00e9m byt\u011b a d\u011bdictv\u00ed v\u00e1m spadlo, jak se \u0159\u00edk\u00e1, do kl\u00edna, bude to pro v\u00e1s jist\u011b v\u00edtanou zm\u011bnou, ale pokud budete opou\u0161t\u011bt byt a st\u011bhovat se do domu, kde za\u010dne za p\u00e1r t\u00fddn\u016f rekonstrukce, m\u011bli byste m\u00edt rozmy\u0161leno, kam um\u00edst\u00edte va\u0161e bytov\u00e9 vybaven\u00ed \u2013 zejm\u00e9na n\u00e1bytek a spot\u0159ebi\u010de. Jedno \u0159e\u0161en\u00ed by tu bylo \u2013 pron\u00e1jem kontejner\u016f z Prahy OTP sklady.Kontejnery jsou ocelov\u00e9 p\u0159epravn\u00ed boxy o rozm\u011brech cca 2,5 x 2,5 x 6 metr\u016f, kter\u00e9 ob\u010das v\u00edd\u00e1me na vlakov\u00fdch p\u0159ekladi\u0161t\u00edch, anebo v n\u00e1mo\u0159n\u00edch p\u0159\u00edstavech. Slou\u017e\u00ed k p\u0159eprav\u011b zbo\u017e\u00ed na dlouh\u00e9 vzd\u00e1lenosti a jsou spolehliv\u00fdmi prost\u0159edn\u00edky i pro skladov\u00e1n\u00ed jak\u00fdchkoli p\u0159edm\u011bt\u016f. Kontejner dovnit\u0159 nepropust\u00ed d\u00e9\u0161\u0165, sn\u00edh, n\u00e1mrazu, prach, ani siln\u00fd v\u00edtr, a t\u00edm p\u00e1dem jsou v\u011bci ulo\u017een\u00e9 uvnit\u0159 v bezpe\u010d\u00ed. Kontejnery disponuj\u00ed zamykateln\u00fdmi vraty, \u010d\u00edm\u017e jsou zabezpe\u010den\u00e9 i proti n\u00e1hodn\u00fdm kr\u00e1de\u017e\u00edm. Chcete-li pron\u00e1jmu kontejneru vyu\u017e\u00edt, pot\u0159ebujete pouze dostatek voln\u00e9ho prostoru na va\u0161\u00ed parcele, a volnou p\u0159\u00edjezdovou komunikaci pro n\u00e1kladn\u00ed vozidlo s je\u0159\u00e1bovou n\u00e1stavbou. Boxy je mo\u017en\u00e9 pronaj\u00edmat i ve v\u011bt\u0161\u00edm po\u010dtu a na libovoln\u011b dlouhou dobu i n\u011bkolika m\u011bs\u00edc\u016f.                                                                                                                                                                                                                                                                                                                                                                                          4.4\/5 - (9 votes)        "},{"@context":"https:\/\/schema.org\/","@type":"BreadcrumbList","itemListElement":[{"@type":"ListItem","position":1,"name":"Rekonstruujeme d\u016fm pro prarodi\u010d\u00edch","item":"https:\/\/www.lenkow.cz\/rekonstruujeme-dum-pro-prarodicich\/#breadcrumbitem"}]}]