[{"@context":"https:\/\/schema.org\/","@type":"Article","@id":"https:\/\/www.lenkow.cz\/pro-jake-prilezitosti-lze-vyuzit-pronajem-osobniho-vozu\/#Article","mainEntityOfPage":"https:\/\/www.lenkow.cz\/pro-jake-prilezitosti-lze-vyuzit-pronajem-osobniho-vozu\/","headline":"Pro jak\u00e9 p\u0159\u00edle\u017eitosti lze vyu\u017e\u00edt pron\u00e1jem osobn\u00edho vozu","name":"Pro jak\u00e9 p\u0159\u00edle\u017eitosti lze vyu\u017e\u00edt pron\u00e1jem osobn\u00edho vozu","description":"V\u00edkend s rodi\u010di N\u011bkte\u0159\u00ed lid\u00e9 dr\u017e\u00ed p\u0159i sob\u011b v r\u00e1mci rodin, p\u0159\u00edpadn\u011b se p\u0159\u00e1tel\u00ed jako komunita v\u00edce rodin mezi sebou. Nav\u0161t\u011bvuj\u00ed se, slav\u00ed narozeniny, v\u00e1no\u010dn\u00ed sv\u00e1tky a dal\u0161\u00ed v\u00fdznamn\u00e9 \u017eivotn\u00ed ud\u00e1losti a jubilea. Mohou tak\u00e9<p><a class=\"link\" href=\"https:\/\/www.lenkow.cz\/pro-jake-prilezitosti-lze-vyuzit-pronajem-osobniho-vozu\/\">Pokra\u010dovat ve \u010dten\u00ed<\/a><\/p>","datePublished":"2022-07-08","dateModified":"2023-05-06","author":{"@type":"Person","@id":"https:\/\/www.lenkow.cz\/author\/#Person","name":"","url":"https:\/\/www.lenkow.cz\/author\/","identifier":1,"image":{"@type":"ImageObject","@id":"https:\/\/secure.gravatar.com\/avatar\/edf965aa5e6319b22667bed24bb070a38fc0326fd1c728db50dc1d860a4a16ad?s=96&d=mm&r=g","url":"https:\/\/secure.gravatar.com\/avatar\/edf965aa5e6319b22667bed24bb070a38fc0326fd1c728db50dc1d860a4a16ad?s=96&d=mm&r=g","height":96,"width":96}},"publisher":{"@type":"Organization","name":"lenkow.cz","logo":{"@type":"ImageObject","@id":"\/logo.png","url":"\/logo.png","width":600,"height":60}},"image":{"@type":"ImageObject","@id":"https:\/\/www.lenkow.cz\/wp-content\/uploads\/tabor-6693591_640_1.jpg","url":"https:\/\/www.lenkow.cz\/wp-content\/uploads\/tabor-6693591_640_1.jpg","height":0,"width":0},"url":"https:\/\/www.lenkow.cz\/pro-jake-prilezitosti-lze-vyuzit-pronajem-osobniho-vozu\/","about":["Business"],"wordCount":419,"articleBody":"   V\u00edkend s rodi\u010diN\u011bkte\u0159\u00ed lid\u00e9 dr\u017e\u00ed p\u0159i sob\u011b v r\u00e1mci rodin, p\u0159\u00edpadn\u011b se p\u0159\u00e1tel\u00ed jako komunita v\u00edce rodin mezi sebou. Nav\u0161t\u011bvuj\u00ed se, slav\u00ed narozeniny, v\u00e1no\u010dn\u00ed sv\u00e1tky a dal\u0161\u00ed v\u00fdznamn\u00e9 \u017eivotn\u00ed ud\u00e1losti a jubilea. Mohou tak\u00e9 spole\u010dn\u011b jezdit na v\u00fdlety a po\u0159\u00e1dat r\u016fzn\u00e9 akce. Ne v\u0161ichni v\u0161ak maj\u00ed k dispozici vlastn\u00ed vozidla. Pokud se v\u00e1m nechce cestovat hromadn\u00fdmi dopravn\u00edmi prost\u0159edky a tou\u017e\u00edte po d\u016fkladn\u00e9m soukrom\u00ed, sta\u010d\u00ed si pronajmout v\u016fz z autop\u016fj\u010dovny v Praze 8 http:\/\/autopujcovna-urban.cz\/.Udr\u017eov\u00e1n\u00ed p\u0159\u00e1telstv\u00ed je mo\u017en\u00e9 i s rodi\u010di a ti mohou ocenit va\u0161i snahu vz\u00edt je na v\u00fdlet a pro\u017e\u00edt spole\u010dn\u011b kr\u00e1sn\u00e9 chv\u00edle v p\u0159\u00edrod\u011b. Vhodn\u00e9 je to zejm\u00e9na pro kohokoli v seniorsk\u00e9m v\u011bku, proto\u017ee mnoho lid\u00ed se v tomto \u017eivotn\u00edm obdob\u00ed c\u00edt\u00ed osamoceno, a ka\u017ed\u00fd podn\u011bt v tomto duchu uv\u00edtaj\u00ed s radost\u00ed. M\u016f\u017eete se s nimi vydat na jednodenn\u00ed v\u00fdlet s objednan\u00fdm ob\u011bdem v n\u011bjak\u00e9 va\u0161\u00ed obl\u00edben\u00e9 restauraci, m\u016f\u017eete v\u00fdlet spojit s objednan\u00fdm noclehem v soukrom\u00e9m penzionu. M\u016f\u017eete si objednat pron\u00e1jem j\u00edzdn\u00edch kol a v m\u00edst\u011b pobyt zpest\u0159it o cykloturistiku. M\u016f\u017eete spole\u010dn\u011b nav\u0161t\u00edvit hrady a z\u00e1mky, jeskyn\u011b, rozhledny, zoologick\u00e9 a botanick\u00e9 zahrady, obory se zv\u011b\u0159\u00ed, p\u0159ehrady, \u0159\u00ed\u010dn\u00ed toky a mnoho dal\u0161\u00edch p\u0159\u00edrodn\u00edch kr\u00e1s a zaj\u00edmavost\u00ed.Pron\u00e1jem vozu v PrazePokud si pronaj\u00edm\u00e1te vozidlo v Praze, vyu\u017eijte t\u00e9to jedine\u010dn\u00e9 mo\u017enosti u\u017e jen z toho d\u016fvodu, \u017ee Praha se nach\u00e1z\u00ed ve v\u00fdhodn\u00e9 geografick\u00e9 poloze. J\u00edzda po n\u011bkter\u00e9 z d\u00e1lnic v\u00e1m nezabere mnoho \u010dasu a v pom\u011brn\u011b kr\u00e1tk\u00e9m \u010dase jste v Liberci, nedaleko Jizersk\u00fdch a Lu\u017eick\u00fdch hor, v Turnov\u011b, v srdci \u010cesk\u00e9ho r\u00e1je, v Trutnov\u011b, v podh\u016f\u0159\u00ed Krkono\u0161, v P\u0159\u00edbrami, nedaleko od vltavsk\u00e9 p\u0159ehradn\u00ed kask\u00e1dy, ve Zru\u010di nad S\u00e1zavou v krajin\u011b horn\u00edho Pos\u00e1zav\u00ed anebo v T\u00e1bo\u0159e v bl\u00edzkosti \u00fadol\u00ed \u0159eky Lu\u017enice.Jak vid\u00edte, je tu tolik mo\u017enost\u00ed, a rozhodn\u011b nelze tvrdit, \u017ee byste se tu nudili a nem\u011bli mo\u017enost vycestovat k n\u011bjak\u00e9mu atraktivn\u00edmu prost\u0159ed\u00ed.                                                                                                                                                                                                                                                                                                                                                                                          4\/5 - (15 votes)        "},{"@context":"https:\/\/schema.org\/","@type":"BreadcrumbList","itemListElement":[{"@type":"ListItem","position":1,"name":"Pro jak\u00e9 p\u0159\u00edle\u017eitosti lze vyu\u017e\u00edt pron\u00e1jem osobn\u00edho vozu","item":"https:\/\/www.lenkow.cz\/pro-jake-prilezitosti-lze-vyuzit-pronajem-osobniho-vozu\/#breadcrumbitem"}]}]