[{"@context":"https:\/\/schema.org\/","@type":"Article","@id":"https:\/\/www.lenkow.cz\/dlouhe-vlasy-za-kratko\/#Article","mainEntityOfPage":"https:\/\/www.lenkow.cz\/dlouhe-vlasy-za-kratko\/","headline":"Dlouh\u00e9 vlasy za kr\u00e1tko!","name":"Dlouh\u00e9 vlasy za kr\u00e1tko!","description":"Na\u0161e spole\u010dnost p\u016fsob\u00ed na trhu ji\u017e p\u0159es 25 let. Na\u0161e zbo\u017e\u00ed je vysok\u00e9 kvality a na\u0161i z\u00e1kazn\u00edci se k n\u00e1m st\u00e1le r\u00e1di vracej\u00ed. Jejich spokojenost je pro n\u00e1s hlavn\u00ed prioritou. Jsme jedin\u00e1 firma, kter\u00e1 se<p><a class=\"link\" href=\"https:\/\/www.lenkow.cz\/dlouhe-vlasy-za-kratko\/\">Pokra\u010dovat ve \u010dten\u00ed<\/a><\/p>","datePublished":"2025-01-18","dateModified":"2025-01-18","author":{"@type":"Person","@id":"https:\/\/www.lenkow.cz\/author\/#Person","name":"","url":"https:\/\/www.lenkow.cz\/author\/","identifier":1,"image":{"@type":"ImageObject","@id":"https:\/\/secure.gravatar.com\/avatar\/edf965aa5e6319b22667bed24bb070a38fc0326fd1c728db50dc1d860a4a16ad?s=96&d=mm&r=g","url":"https:\/\/secure.gravatar.com\/avatar\/edf965aa5e6319b22667bed24bb070a38fc0326fd1c728db50dc1d860a4a16ad?s=96&d=mm&r=g","height":96,"width":96}},"publisher":{"@type":"Organization","name":"lenkow.cz","logo":{"@type":"ImageObject","@id":"\/logo.png","url":"\/logo.png","width":600,"height":60}},"url":"https:\/\/www.lenkow.cz\/dlouhe-vlasy-za-kratko\/","wordCount":228,"articleBody":"Na\u0161e spole\u010dnost p\u016fsob\u00ed na trhu ji\u017e p\u0159es 25 let. Na\u0161e zbo\u017e\u00ed je vysok\u00e9 kvality a na\u0161i z\u00e1kazn\u00edci se k n\u00e1m st\u00e1le r\u00e1di vracej\u00ed. Jejich spokojenost je pro n\u00e1s hlavn\u00ed prioritou. Jsme jedin\u00e1 firma, kter\u00e1 se jako jedin\u00e1 v \u010cesk\u00e9 republice specializuje na v\u00fdrobu na zak\u00e1zku. Na\u0161i z\u00e1kazn\u00edci si sami vyberou dle sv\u00e9ho vkusu a dle jejich pot\u0159eb jim n\u00e1hradu vyhotov\u00edme. Nemus\u00edte se b\u00e1t, \u017ee by V\u00e1m nov\u00e9 vlasy nesedly. Paruky jsou vyhotoveny p\u0159esn\u011b na m\u00edru pro V\u00e1s na\u0161e cenn\u00e9 klienty. T\u011b\u0161\u00edme se na Va\u0161e objedn\u00e1vky! Zvedn\u011bte si snadno sebev\u011bdom\u00ed! U\u017e nebudete ta \u0161ed\u00e1 my\u0161ka v kout\u011b! Budete vypadat kr\u00e1sn\u011b a ka\u017ed\u00fd se za V\u00e1mi hned oto\u010d\u00ed. Starosti zda m\u00e1te m\u00e9n\u011b \u010di v\u00edce vlas\u016f budou pry\u010d. Na\u0161e spole\u010dnost V\u00e1m nab\u00edz\u00ed jedine\u010dnou nab\u00eddku kvalitn\u00edch v\u00fdrobk\u016f, kter\u00e9 budou na m\u00edru navr\u017eeny p\u0159\u00edmo pro V\u00e1s. Vyberete si materi\u00e1l, kter\u00fd odpov\u00edd\u00e1 zp\u016fsobu Va\u0161eho \u017eivota, a my u\u017e jen budeme konat. Na\u0161e slu\u017eby si zamilujete stejn\u011b jako \u0159ada na\u0161ich st\u00e1l\u00fdch z\u00e1kazn\u00edk\u016f. Budeme se t\u011b\u0161it na Va\u0161e objedn\u00e1vky!                                                                                                                                                                                                                                                                                                                                                                                        3.3\/5 - (3 votes)        "},{"@context":"https:\/\/schema.org\/","@type":"BreadcrumbList","itemListElement":[{"@type":"ListItem","position":1,"name":"Dlouh\u00e9 vlasy za kr\u00e1tko!","item":"https:\/\/www.lenkow.cz\/dlouhe-vlasy-za-kratko\/#breadcrumbitem"}]}]